{"id":1103,"date":"2026-08-23T18:56:18","date_gmt":"2026-08-23T15:56:18","guid":{"rendered":"https:\/\/izglitiba.valmierasnovads.lv\/vvv\/?p=1103"},"modified":"2026-08-23T19:10:26","modified_gmt":"2026-08-23T16:10:26","slug":"zinibu-diena-viesturskola","status":"publish","type":"post","link":"https:\/\/izglitiba.valmierasnovads.lv\/vvv\/zinibu-diena-viesturskola\/","title":{"rendered":"Zin\u012bbu diena Viesturskol\u0101!"},"content":{"rendered":"\n<p class=\"wp-block-paragraph\">Neticami dr\u012bz tiksimies jaun\u0101 &#8211; 2026.\/2027. &#8211; m\u0101c\u012bbu gada pirmaj\u0101 skolas dien\u0101 1. septembr\u012b!<\/p>\n\n\n\n<p class=\"wp-block-paragraph\">Vispirms plkst. 9.00 piesardz\u012bgs iepaz\u012b\u0161an\u0101s br\u012bdis vai priec\u012bgas \u010dalas un sen neredz\u0113tas tik\u0161an\u0101s ar klases biedriem un klases audzin\u0101t\u0101ju m\u0101c\u012bbu gada pirmaj\u0101 klases stund\u0101 un p\u0113c tam plkst. 10.00 visa skolas saime m\u0101c\u012bbu gada uzs\u0101k\u0161anas sv\u0113tku pas\u0101kum\u0101 skolas pagalm\u0101.<\/p>\n\n\n\n<p class=\"wp-block-paragraph\">Sv\u0113tku dienu 1.-6. kla\u0161u skol\u0113ni apmekl\u0113 skolas sv\u0113tku form\u0101, 7.-12. kla\u0161u skol\u0113ni sv\u0113tku t\u0113rp\u0101.<\/p>\n\n\n\n<figure class=\"wp-block-image size-large\"><img loading=\"lazy\" decoding=\"async\" width=\"1024\" height=\"1024\" src=\"https:\/\/izglitiba.valmierasnovads.lv\/vvv\/wp-content\/uploads\/sites\/41\/2026\/08\/4-2-1024x1024.png\" alt=\"\" class=\"wp-image-1105\" srcset=\"https:\/\/izglitiba.valmierasnovads.lv\/vvv\/wp-content\/uploads\/sites\/41\/2026\/08\/4-2-1024x1024.png 1024w, https:\/\/izglitiba.valmierasnovads.lv\/vvv\/wp-content\/uploads\/sites\/41\/2026\/08\/4-2-300x300.png 300w, https:\/\/izglitiba.valmierasnovads.lv\/vvv\/wp-content\/uploads\/sites\/41\/2026\/08\/4-2-150x150.png 150w, https:\/\/izglitiba.valmierasnovads.lv\/vvv\/wp-content\/uploads\/sites\/41\/2026\/08\/4-2-768x768.png 768w, https:\/\/izglitiba.valmierasnovads.lv\/vvv\/wp-content\/uploads\/sites\/41\/2026\/08\/4-2.png 1080w\" sizes=\"auto, (max-width: 1024px) 100vw, 1024px\" \/><\/figure>\n","protected":false},"excerpt":{"rendered":"<p>Neticami dr\u012bz tiksimies jaun\u0101 &#8211; 2026.\/2027. &#8211; m\u0101c\u012bbu gada pirmaj\u0101 skolas dien\u0101 1. septembr\u012b! Vispirms plkst. 9.00 piesardz\u012bgs iepaz\u012b\u0161an\u0101s br\u012bdis [&hellip;]<\/p>\n","protected":false},"author":62,"featured_media":1104,"comment_status":"closed","ping_status":"closed","sticky":false,"template":"","format":"standard","meta":{"_acf_changed":false,"site-sidebar-layout":"default","site-content-layout":"","ast-site-content-layout":"default","site-content-style":"default","site-sidebar-style":"default","ast-global-header-display":"","ast-banner-title-visibility":"","ast-main-header-display":"","ast-hfb-above-header-display":"","ast-hfb-below-header-display":"","ast-hfb-mobile-header-display":"","site-post-title":"","ast-breadcrumbs-content":"","ast-featured-img":"","footer-sml-layout":"","ast-disable-related-posts":"","theme-transparent-header-meta":"","adv-header-id-meta":"","stick-header-meta":"","header-above-stick-meta":"","header-main-stick-meta":"","header-below-stick-meta":"","astra-migrate-meta-layouts":"default","ast-page-background-enabled":"default","ast-page-background-meta":{"desktop":{"background-color":"var(--ast-global-color-5)","background-image":"","background-repeat":"repeat","background-position":"center center","background-size":"auto","background-attachment":"scroll","background-type":"","background-media":"","overlay-type":"","overlay-color":"","overlay-opacity":"","overlay-gradient":""},"tablet":{"background-color":"","background-image":"","background-repeat":"repeat","background-position":"center center","background-size":"auto","background-attachment":"scroll","background-type":"","background-media":"","overlay-type":"","overlay-color":"","overlay-opacity":"","overlay-gradient":""},"mobile":{"background-color":"","background-image":"","background-repeat":"repeat","background-position":"center center","background-size":"auto","background-attachment":"scroll","background-type":"","background-media":"","overlay-type":"","overlay-color":"","overlay-opacity":"","overlay-gradient":""}},"ast-content-background-meta":{"desktop":{"background-color":"var(--ast-global-color-4)","background-image":"","background-repeat":"repeat","background-position":"center center","background-size":"auto","background-attachment":"scroll","background-type":"","background-media":"","overlay-type":"","overlay-color":"","overlay-opacity":"","overlay-gradient":""},"tablet":{"background-color":"var(--ast-global-color-4)","background-image":"","background-repeat":"repeat","background-position":"center center","background-size":"auto","background-attachment":"scroll","background-type":"","background-media":"","overlay-type":"","overlay-color":"","overlay-opacity":"","overlay-gradient":""},"mobile":{"background-color":"var(--ast-global-color-4)","background-image":"","background-repeat":"repeat","background-position":"center center","background-size":"auto","background-attachment":"scroll","background-type":"","background-media":"","overlay-type":"","overlay-color":"","overlay-opacity":"","overlay-gradient":""}},"footnotes":""},"categories":[1],"tags":[],"class_list":["post-1103","post","type-post","status-publish","format-standard","has-post-thumbnail","hentry","category-nekategorizets"],"acf":[],"yoast_head":"<!-- This site is optimized with the Yoast SEO plugin v28.4 - https:\/\/yoast.com\/product\/yoast-seo-wordpress\/ -->\n<title>Zin\u012bbu diena Viesturskol\u0101! - Valmieras Viestura vidusskola<\/title>\n<meta name=\"robots\" content=\"index, follow, max-snippet:-1, max-image-preview:large, max-video-preview:-1\" \/>\n<link rel=\"canonical\" href=\"https:\/\/izglitiba.valmierasnovads.lv\/vvv\/zinibu-diena-viesturskola\/\" \/>\n<meta property=\"og:locale\" content=\"lv_LV\" \/>\n<meta property=\"og:type\" content=\"article\" \/>\n<meta property=\"og:title\" content=\"Zin\u012bbu diena Viesturskol\u0101! - Valmieras Viestura vidusskola\" \/>\n<meta property=\"og:description\" content=\"Neticami dr\u012bz tiksimies jaun\u0101 &#8211; 2026.\/2027. &#8211; m\u0101c\u012bbu gada pirmaj\u0101 skolas dien\u0101 1. septembr\u012b! Vispirms plkst. 9.00 piesardz\u012bgs iepaz\u012b\u0161an\u0101s br\u012bdis [&hellip;]\" \/>\n<meta property=\"og:url\" content=\"https:\/\/izglitiba.valmierasnovads.lv\/vvv\/zinibu-diena-viesturskola\/\" \/>\n<meta property=\"og:site_name\" content=\"Valmieras Viestura vidusskola\" \/>\n<meta property=\"article:published_time\" content=\"2026-08-23T15:56:18+00:00\" \/>\n<meta property=\"article:modified_time\" content=\"2026-08-23T16:10:26+00:00\" \/>\n<meta property=\"og:image\" content=\"https:\/\/izglitiba.valmierasnovads.lv\/vvv\/wp-content\/uploads\/sites\/41\/2026\/08\/3.png\" \/>\n\t<meta property=\"og:image:width\" content=\"1080\" \/>\n\t<meta property=\"og:image:height\" content=\"1080\" \/>\n\t<meta property=\"og:image:type\" content=\"image\/png\" \/>\n<meta name=\"author\" content=\"uldisjansons\" \/>\n<meta name=\"twitter:card\" content=\"summary_large_image\" \/>\n<meta name=\"twitter:label1\" content=\"Written by\" \/>\n\t<meta name=\"twitter:data1\" content=\"uldisjansons\" \/>\n\t<meta name=\"twitter:label2\" content=\"Est. reading time\" \/>\n\t<meta name=\"twitter:data2\" content=\"1 min\u016bte\" \/>\n<script type=\"application\/ld+json\" class=\"yoast-schema-graph\">{\"@context\":\"https:\\\/\\\/schema.org\",\"@graph\":[{\"@type\":\"Article\",\"@id\":\"https:\\\/\\\/izglitiba.valmierasnovads.lv\\\/vvv\\\/zinibu-diena-viesturskola\\\/#article\",\"isPartOf\":{\"@id\":\"https:\\\/\\\/izglitiba.valmierasnovads.lv\\\/vvv\\\/zinibu-diena-viesturskola\\\/\"},\"author\":{\"name\":\"uldisjansons\",\"@id\":\"https:\\\/\\\/izglitiba.valmierasnovads.lv\\\/vvv\\\/#\\\/schema\\\/person\\\/6460d50b7e8cbdaa1794f074bdfedcb2\"},\"headline\":\"Zin\u012bbu diena Viesturskol\u0101!\",\"datePublished\":\"2026-08-23T15:56:18+00:00\",\"dateModified\":\"2026-08-23T16:10:26+00:00\",\"mainEntityOfPage\":{\"@id\":\"https:\\\/\\\/izglitiba.valmierasnovads.lv\\\/vvv\\\/zinibu-diena-viesturskola\\\/\"},\"wordCount\":97,\"publisher\":{\"@id\":\"https:\\\/\\\/izglitiba.valmierasnovads.lv\\\/vvv\\\/#organization\"},\"image\":{\"@id\":\"https:\\\/\\\/izglitiba.valmierasnovads.lv\\\/vvv\\\/zinibu-diena-viesturskola\\\/#primaryimage\"},\"thumbnailUrl\":\"https:\\\/\\\/izglitiba.valmierasnovads.lv\\\/vvv\\\/wp-content\\\/uploads\\\/sites\\\/41\\\/2026\\\/08\\\/3.png\",\"inLanguage\":\"lv-LV\"},{\"@type\":\"WebPage\",\"@id\":\"https:\\\/\\\/izglitiba.valmierasnovads.lv\\\/vvv\\\/zinibu-diena-viesturskola\\\/\",\"url\":\"https:\\\/\\\/izglitiba.valmierasnovads.lv\\\/vvv\\\/zinibu-diena-viesturskola\\\/\",\"name\":\"Zin\u012bbu diena Viesturskol\u0101! - Valmieras Viestura vidusskola\",\"isPartOf\":{\"@id\":\"https:\\\/\\\/izglitiba.valmierasnovads.lv\\\/vvv\\\/#website\"},\"primaryImageOfPage\":{\"@id\":\"https:\\\/\\\/izglitiba.valmierasnovads.lv\\\/vvv\\\/zinibu-diena-viesturskola\\\/#primaryimage\"},\"image\":{\"@id\":\"https:\\\/\\\/izglitiba.valmierasnovads.lv\\\/vvv\\\/zinibu-diena-viesturskola\\\/#primaryimage\"},\"thumbnailUrl\":\"https:\\\/\\\/izglitiba.valmierasnovads.lv\\\/vvv\\\/wp-content\\\/uploads\\\/sites\\\/41\\\/2026\\\/08\\\/3.png\",\"datePublished\":\"2026-08-23T15:56:18+00:00\",\"dateModified\":\"2026-08-23T16:10:26+00:00\",\"breadcrumb\":{\"@id\":\"https:\\\/\\\/izglitiba.valmierasnovads.lv\\\/vvv\\\/zinibu-diena-viesturskola\\\/#breadcrumb\"},\"inLanguage\":\"lv-LV\",\"potentialAction\":[{\"@type\":\"ReadAction\",\"target\":[\"https:\\\/\\\/izglitiba.valmierasnovads.lv\\\/vvv\\\/zinibu-diena-viesturskola\\\/\"]}]},{\"@type\":\"ImageObject\",\"inLanguage\":\"lv-LV\",\"@id\":\"https:\\\/\\\/izglitiba.valmierasnovads.lv\\\/vvv\\\/zinibu-diena-viesturskola\\\/#primaryimage\",\"url\":\"https:\\\/\\\/izglitiba.valmierasnovads.lv\\\/vvv\\\/wp-content\\\/uploads\\\/sites\\\/41\\\/2026\\\/08\\\/3.png\",\"contentUrl\":\"https:\\\/\\\/izglitiba.valmierasnovads.lv\\\/vvv\\\/wp-content\\\/uploads\\\/sites\\\/41\\\/2026\\\/08\\\/3.png\",\"width\":1080,\"height\":1080},{\"@type\":\"BreadcrumbList\",\"@id\":\"https:\\\/\\\/izglitiba.valmierasnovads.lv\\\/vvv\\\/zinibu-diena-viesturskola\\\/#breadcrumb\",\"itemListElement\":[{\"@type\":\"ListItem\",\"position\":1,\"name\":\"Home\",\"item\":\"https:\\\/\\\/izglitiba.valmierasnovads.lv\\\/vvv\\\/\"},{\"@type\":\"ListItem\",\"position\":2,\"name\":\"Zin\u012bbu diena Viesturskol\u0101!\"}]},{\"@type\":\"WebSite\",\"@id\":\"https:\\\/\\\/izglitiba.valmierasnovads.lv\\\/vvv\\\/#website\",\"url\":\"https:\\\/\\\/izglitiba.valmierasnovads.lv\\\/vvv\\\/\",\"name\":\"Valmieras Viestura vidusskola\",\"description\":\"\",\"publisher\":{\"@id\":\"https:\\\/\\\/izglitiba.valmierasnovads.lv\\\/vvv\\\/#organization\"},\"potentialAction\":[{\"@type\":\"SearchAction\",\"target\":{\"@type\":\"EntryPoint\",\"urlTemplate\":\"https:\\\/\\\/izglitiba.valmierasnovads.lv\\\/vvv\\\/?s={search_term_string}\"},\"query-input\":{\"@type\":\"PropertyValueSpecification\",\"valueRequired\":true,\"valueName\":\"search_term_string\"}}],\"inLanguage\":\"lv-LV\"},{\"@type\":\"Organization\",\"@id\":\"https:\\\/\\\/izglitiba.valmierasnovads.lv\\\/vvv\\\/#organization\",\"name\":\"Valmieras Viestura vidusskola\",\"url\":\"https:\\\/\\\/izglitiba.valmierasnovads.lv\\\/vvv\\\/\",\"logo\":{\"@type\":\"ImageObject\",\"inLanguage\":\"lv-LV\",\"@id\":\"https:\\\/\\\/izglitiba.valmierasnovads.lv\\\/vvv\\\/#\\\/schema\\\/logo\\\/image\\\/\",\"url\":\"https:\\\/\\\/izglitiba.valmierasnovads.lv\\\/vvv\\\/wp-content\\\/uploads\\\/sites\\\/41\\\/2026\\\/08\\\/viesturskolas_logo3.png\",\"contentUrl\":\"https:\\\/\\\/izglitiba.valmierasnovads.lv\\\/vvv\\\/wp-content\\\/uploads\\\/sites\\\/41\\\/2026\\\/08\\\/viesturskolas_logo3.png\",\"width\":2176,\"height\":404,\"caption\":\"Valmieras Viestura vidusskola\"},\"image\":{\"@id\":\"https:\\\/\\\/izglitiba.valmierasnovads.lv\\\/vvv\\\/#\\\/schema\\\/logo\\\/image\\\/\"}},{\"@type\":\"Person\",\"@id\":\"https:\\\/\\\/izglitiba.valmierasnovads.lv\\\/vvv\\\/#\\\/schema\\\/person\\\/6460d50b7e8cbdaa1794f074bdfedcb2\",\"name\":\"uldisjansons\",\"image\":{\"@type\":\"ImageObject\",\"inLanguage\":\"lv-LV\",\"@id\":\"https:\\\/\\\/secure.gravatar.com\\\/avatar\\\/c3c8d7de5e92b4e0d166e10455be8fc7942e5f2a13d7c16945994da7f2905dea?s=96&d=mm&r=g\",\"url\":\"https:\\\/\\\/secure.gravatar.com\\\/avatar\\\/c3c8d7de5e92b4e0d166e10455be8fc7942e5f2a13d7c16945994da7f2905dea?s=96&d=mm&r=g\",\"contentUrl\":\"https:\\\/\\\/secure.gravatar.com\\\/avatar\\\/c3c8d7de5e92b4e0d166e10455be8fc7942e5f2a13d7c16945994da7f2905dea?s=96&d=mm&r=g\",\"caption\":\"uldisjansons\"},\"url\":\"https:\\\/\\\/izglitiba.valmierasnovads.lv\\\/vvv\\\/author\\\/uldisjansons\\\/\"}]}<\/script>\n<!-- \/ Yoast SEO plugin. -->","yoast_head_json":{"title":"Zin\u012bbu diena Viesturskol\u0101! - Valmieras Viestura vidusskola","robots":{"index":"index","follow":"follow","max-snippet":"max-snippet:-1","max-image-preview":"max-image-preview:large","max-video-preview":"max-video-preview:-1"},"canonical":"https:\/\/izglitiba.valmierasnovads.lv\/vvv\/zinibu-diena-viesturskola\/","og_locale":"lv_LV","og_type":"article","og_title":"Zin\u012bbu diena Viesturskol\u0101! - Valmieras Viestura vidusskola","og_description":"Neticami dr\u012bz tiksimies jaun\u0101 &#8211; 2026.\/2027. &#8211; m\u0101c\u012bbu gada pirmaj\u0101 skolas dien\u0101 1. septembr\u012b! Vispirms plkst. 9.00 piesardz\u012bgs iepaz\u012b\u0161an\u0101s br\u012bdis [&hellip;]","og_url":"https:\/\/izglitiba.valmierasnovads.lv\/vvv\/zinibu-diena-viesturskola\/","og_site_name":"Valmieras Viestura vidusskola","article_published_time":"2026-08-23T15:56:18+00:00","article_modified_time":"2026-08-23T16:10:26+00:00","og_image":[{"width":1080,"height":1080,"url":"https:\/\/izglitiba.valmierasnovads.lv\/vvv\/wp-content\/uploads\/sites\/41\/2026\/08\/3.png","type":"image\/png"}],"author":"uldisjansons","twitter_card":"summary_large_image","twitter_misc":{"Written by":"uldisjansons","Est. reading time":"1 min\u016bte"},"schema":{"@context":"https:\/\/schema.org","@graph":[{"@type":"Article","@id":"https:\/\/izglitiba.valmierasnovads.lv\/vvv\/zinibu-diena-viesturskola\/#article","isPartOf":{"@id":"https:\/\/izglitiba.valmierasnovads.lv\/vvv\/zinibu-diena-viesturskola\/"},"author":{"name":"uldisjansons","@id":"https:\/\/izglitiba.valmierasnovads.lv\/vvv\/#\/schema\/person\/6460d50b7e8cbdaa1794f074bdfedcb2"},"headline":"Zin\u012bbu diena Viesturskol\u0101!","datePublished":"2026-08-23T15:56:18+00:00","dateModified":"2026-08-23T16:10:26+00:00","mainEntityOfPage":{"@id":"https:\/\/izglitiba.valmierasnovads.lv\/vvv\/zinibu-diena-viesturskola\/"},"wordCount":97,"publisher":{"@id":"https:\/\/izglitiba.valmierasnovads.lv\/vvv\/#organization"},"image":{"@id":"https:\/\/izglitiba.valmierasnovads.lv\/vvv\/zinibu-diena-viesturskola\/#primaryimage"},"thumbnailUrl":"https:\/\/izglitiba.valmierasnovads.lv\/vvv\/wp-content\/uploads\/sites\/41\/2026\/08\/3.png","inLanguage":"lv-LV"},{"@type":"WebPage","@id":"https:\/\/izglitiba.valmierasnovads.lv\/vvv\/zinibu-diena-viesturskola\/","url":"https:\/\/izglitiba.valmierasnovads.lv\/vvv\/zinibu-diena-viesturskola\/","name":"Zin\u012bbu diena Viesturskol\u0101! - Valmieras Viestura vidusskola","isPartOf":{"@id":"https:\/\/izglitiba.valmierasnovads.lv\/vvv\/#website"},"primaryImageOfPage":{"@id":"https:\/\/izglitiba.valmierasnovads.lv\/vvv\/zinibu-diena-viesturskola\/#primaryimage"},"image":{"@id":"https:\/\/izglitiba.valmierasnovads.lv\/vvv\/zinibu-diena-viesturskola\/#primaryimage"},"thumbnailUrl":"https:\/\/izglitiba.valmierasnovads.lv\/vvv\/wp-content\/uploads\/sites\/41\/2026\/08\/3.png","datePublished":"2026-08-23T15:56:18+00:00","dateModified":"2026-08-23T16:10:26+00:00","breadcrumb":{"@id":"https:\/\/izglitiba.valmierasnovads.lv\/vvv\/zinibu-diena-viesturskola\/#breadcrumb"},"inLanguage":"lv-LV","potentialAction":[{"@type":"ReadAction","target":["https:\/\/izglitiba.valmierasnovads.lv\/vvv\/zinibu-diena-viesturskola\/"]}]},{"@type":"ImageObject","inLanguage":"lv-LV","@id":"https:\/\/izglitiba.valmierasnovads.lv\/vvv\/zinibu-diena-viesturskola\/#primaryimage","url":"https:\/\/izglitiba.valmierasnovads.lv\/vvv\/wp-content\/uploads\/sites\/41\/2026\/08\/3.png","contentUrl":"https:\/\/izglitiba.valmierasnovads.lv\/vvv\/wp-content\/uploads\/sites\/41\/2026\/08\/3.png","width":1080,"height":1080},{"@type":"BreadcrumbList","@id":"https:\/\/izglitiba.valmierasnovads.lv\/vvv\/zinibu-diena-viesturskola\/#breadcrumb","itemListElement":[{"@type":"ListItem","position":1,"name":"Home","item":"https:\/\/izglitiba.valmierasnovads.lv\/vvv\/"},{"@type":"ListItem","position":2,"name":"Zin\u012bbu diena Viesturskol\u0101!"}]},{"@type":"WebSite","@id":"https:\/\/izglitiba.valmierasnovads.lv\/vvv\/#website","url":"https:\/\/izglitiba.valmierasnovads.lv\/vvv\/","name":"Valmieras Viestura vidusskola","description":"","publisher":{"@id":"https:\/\/izglitiba.valmierasnovads.lv\/vvv\/#organization"},"potentialAction":[{"@type":"SearchAction","target":{"@type":"EntryPoint","urlTemplate":"https:\/\/izglitiba.valmierasnovads.lv\/vvv\/?s={search_term_string}"},"query-input":{"@type":"PropertyValueSpecification","valueRequired":true,"valueName":"search_term_string"}}],"inLanguage":"lv-LV"},{"@type":"Organization","@id":"https:\/\/izglitiba.valmierasnovads.lv\/vvv\/#organization","name":"Valmieras Viestura vidusskola","url":"https:\/\/izglitiba.valmierasnovads.lv\/vvv\/","logo":{"@type":"ImageObject","inLanguage":"lv-LV","@id":"https:\/\/izglitiba.valmierasnovads.lv\/vvv\/#\/schema\/logo\/image\/","url":"https:\/\/izglitiba.valmierasnovads.lv\/vvv\/wp-content\/uploads\/sites\/41\/2026\/08\/viesturskolas_logo3.png","contentUrl":"https:\/\/izglitiba.valmierasnovads.lv\/vvv\/wp-content\/uploads\/sites\/41\/2026\/08\/viesturskolas_logo3.png","width":2176,"height":404,"caption":"Valmieras Viestura vidusskola"},"image":{"@id":"https:\/\/izglitiba.valmierasnovads.lv\/vvv\/#\/schema\/logo\/image\/"}},{"@type":"Person","@id":"https:\/\/izglitiba.valmierasnovads.lv\/vvv\/#\/schema\/person\/6460d50b7e8cbdaa1794f074bdfedcb2","name":"uldisjansons","image":{"@type":"ImageObject","inLanguage":"lv-LV","@id":"https:\/\/secure.gravatar.com\/avatar\/c3c8d7de5e92b4e0d166e10455be8fc7942e5f2a13d7c16945994da7f2905dea?s=96&d=mm&r=g","url":"https:\/\/secure.gravatar.com\/avatar\/c3c8d7de5e92b4e0d166e10455be8fc7942e5f2a13d7c16945994da7f2905dea?s=96&d=mm&r=g","contentUrl":"https:\/\/secure.gravatar.com\/avatar\/c3c8d7de5e92b4e0d166e10455be8fc7942e5f2a13d7c16945994da7f2905dea?s=96&d=mm&r=g","caption":"uldisjansons"},"url":"https:\/\/izglitiba.valmierasnovads.lv\/vvv\/author\/uldisjansons\/"}]}},"_links":{"self":[{"href":"https:\/\/izglitiba.valmierasnovads.lv\/vvv\/wp-json\/wp\/v2\/posts\/1103","targetHints":{"allow":["GET"]}}],"collection":[{"href":"https:\/\/izglitiba.valmierasnovads.lv\/vvv\/wp-json\/wp\/v2\/posts"}],"about":[{"href":"https:\/\/izglitiba.valmierasnovads.lv\/vvv\/wp-json\/wp\/v2\/types\/post"}],"author":[{"embeddable":true,"href":"https:\/\/izglitiba.valmierasnovads.lv\/vvv\/wp-json\/wp\/v2\/users\/62"}],"replies":[{"embeddable":true,"href":"https:\/\/izglitiba.valmierasnovads.lv\/vvv\/wp-json\/wp\/v2\/comments?post=1103"}],"version-history":[{"count":2,"href":"https:\/\/izglitiba.valmierasnovads.lv\/vvv\/wp-json\/wp\/v2\/posts\/1103\/revisions"}],"predecessor-version":[{"id":1109,"href":"https:\/\/izglitiba.valmierasnovads.lv\/vvv\/wp-json\/wp\/v2\/posts\/1103\/revisions\/1109"}],"wp:featuredmedia":[{"embeddable":true,"href":"https:\/\/izglitiba.valmierasnovads.lv\/vvv\/wp-json\/wp\/v2\/media\/1104"}],"wp:attachment":[{"href":"https:\/\/izglitiba.valmierasnovads.lv\/vvv\/wp-json\/wp\/v2\/media?parent=1103"}],"wp:term":[{"taxonomy":"category","embeddable":true,"href":"https:\/\/izglitiba.valmierasnovads.lv\/vvv\/wp-json\/wp\/v2\/categories?post=1103"},{"taxonomy":"post_tag","embeddable":true,"href":"https:\/\/izglitiba.valmierasnovads.lv\/vvv\/wp-json\/wp\/v2\/tags?post=1103"}],"curies":[{"name":"wp","href":"https:\/\/api.w.org\/{rel}","templated":true}]}}