{"id":1149,"date":"2026-08-28T10:10:25","date_gmt":"2026-08-28T07:10:25","guid":{"rendered":"https:\/\/izglitiba.valmierasnovads.lv\/vvv\/?p=1149"},"modified":"2026-08-28T10:41:40","modified_gmt":"2026-08-28T07:41:40","slug":"augusts-iedvesmas-menesis","status":"publish","type":"post","link":"https:\/\/izglitiba.valmierasnovads.lv\/vvv\/augusts-iedvesmas-menesis\/","title":{"rendered":"Augusts \u2013 iedvesmas m\u0113nesis"},"content":{"rendered":"\n<p class=\"wp-block-paragraph\">20.august\u0101 skolas matem\u0101tikas skolot\u0101ja Inga Kraukle piedal\u012bj\u0101s Latvijas Universit\u0101tes EZTF Starpnozaru izgl\u012bt\u012bbas inov\u0101ciju centra organiz\u0113taj\u0101 konferenc\u0113 <strong>\u201cDabaszin\u0101tnes, matem\u0101tika, in\u017eenierzin\u0101tes un tehnolo\u0123ijas skol\u0101 \u2013 efekt\u012bvi un rado\u0161i\u201d<\/strong>, kur vad\u012bja praktisko nodarb\u012bbu STEM skolot\u0101jiem <strong>\u201cM\u0101ksl\u012bg\u0101 intelekta r\u012bki individualiz\u0113tai prasmju apguvei\u201d.<\/strong><\/p>\n\n\n\n<p class=\"wp-block-paragraph\">M\u0101ksl\u012bgais intelekts (MI) arvien vair\u0101k k\u013c\u016bst par m\u016bsdien\u012bga m\u0101c\u012bbu procesa sast\u0101vda\u013cu. Ta\u010du b\u016btisks ir jaut\u0101jums \u2013 k\u0101 to izmantot t\u0101, lai skol\u0113ns nevis vienk\u0101r\u0161i sa\u0146emtu gatavu atbildi, bet patie\u0161\u0101m m\u0101c\u012btos un lab\u0101k izprastu apg\u016bstamo t\u0113mu?<\/p>\n\n\n\n<p class=\"wp-block-paragraph\">Praktiskaj\u0101 nodarb\u012bb\u0101 skolot\u0101ja Inga dal\u012bj\u0101s pieredz\u0113 par to, k\u0101 matem\u0101tikas stund\u0101s att\u012bst\u012bt skol\u0113nu prasmi veidot kvalitat\u012bvas MI uzvednes jeb promptus. \u0160\u0101da pieeja pal\u012bdz skol\u0113niem prec\u012bz\u0101k formul\u0113t jaut\u0101jumus, analiz\u0113t sa\u0146emt\u0101s atbildes un izmantot MI k\u0101 m\u0101c\u012b\u0161an\u0101s pal\u012bgu, nevis tikai k\u0101 gatavu risin\u0101jumu sniedz\u0113ju.<\/p>\n\n\n\n<p class=\"wp-block-paragraph\">MI m\u0113r\u0137tiec\u012bga izmanto\u0161ana var veicin\u0101t ar\u012b pa\u0161vad\u012btas m\u0101c\u012b\u0161an\u0101s prasmju att\u012bst\u012bbu.<\/p>\n\n\n\n<p class=\"wp-block-paragraph\">Savuk\u0101rt skolot\u0101ja Inga k\u0101 vienu no b\u016btisk\u0101kajiem ieguvumiem izce\u013c iesp\u0113ju m\u0101c\u012bbu procesu padar\u012bt <strong>individualiz\u0113t\u0101ku<\/strong>. Katrs skol\u0113ns var uzdot jaut\u0101jumus atbilsto\u0161i sav\u0101m zin\u0101\u0161an\u0101m un vajadz\u012bb\u0101m, sa\u0146emt skaidrojumu sev saprotam\u0101 veid\u0101 un m\u0101c\u012bties sev piem\u0113rot\u0101 temp\u0101. Konference bija v\u0113rt\u012bga iesp\u0113ja ne tikai dal\u012bties sav\u0101 pieredz\u0113, bet ar\u012b g\u016bt jaunas idejas un iedvesmu jaunajam m\u0101c\u012bbu gadam \u2013 lai tehnolo\u0123ijas m\u0101c\u012bbu proces\u0101 izmantotu j\u0113gpilni, rado\u0161i un skol\u0113na izaugsmei.<\/p>\n\n\n\n<figure class=\"wp-block-image size-large\"><img loading=\"lazy\" decoding=\"async\" width=\"768\" height=\"1024\" src=\"https:\/\/izglitiba.valmierasnovads.lv\/vvv\/wp-content\/uploads\/sites\/41\/2026\/08\/Inga_Kr-768x1024.jpeg\" alt=\"\" class=\"wp-image-1150\" srcset=\"https:\/\/izglitiba.valmierasnovads.lv\/vvv\/wp-content\/uploads\/sites\/41\/2026\/08\/Inga_Kr-768x1024.jpeg 768w, https:\/\/izglitiba.valmierasnovads.lv\/vvv\/wp-content\/uploads\/sites\/41\/2026\/08\/Inga_Kr-225x300.jpeg 225w, https:\/\/izglitiba.valmierasnovads.lv\/vvv\/wp-content\/uploads\/sites\/41\/2026\/08\/Inga_Kr-1152x1536.jpeg 1152w, https:\/\/izglitiba.valmierasnovads.lv\/vvv\/wp-content\/uploads\/sites\/41\/2026\/08\/Inga_Kr.jpeg 1536w\" sizes=\"auto, (max-width: 768px) 100vw, 768px\" \/><\/figure>\n","protected":false},"excerpt":{"rendered":"<p>20.august\u0101 skolas matem\u0101tikas skolot\u0101ja Inga Kraukle piedal\u012bj\u0101s Latvijas Universit\u0101tes EZTF Starpnozaru izgl\u012bt\u012bbas inov\u0101ciju centra organiz\u0113taj\u0101 konferenc\u0113 \u201cDabaszin\u0101tnes, matem\u0101tika, in\u017eenierzin\u0101tes un [&hellip;]<\/p>\n","protected":false},"author":62,"featured_media":1151,"comment_status":"closed","ping_status":"closed","sticky":false,"template":"","format":"standard","meta":{"_acf_changed":false,"site-sidebar-layout":"default","site-content-layout":"","ast-site-content-layout":"default","site-content-style":"default","site-sidebar-style":"default","ast-global-header-display":"","ast-banner-title-visibility":"","ast-main-header-display":"","ast-hfb-above-header-display":"","ast-hfb-below-header-display":"","ast-hfb-mobile-header-display":"","site-post-title":"","ast-breadcrumbs-content":"","ast-featured-img":"","footer-sml-layout":"","ast-disable-related-posts":"","theme-transparent-header-meta":"","adv-header-id-meta":"","stick-header-meta":"","header-above-stick-meta":"","header-main-stick-meta":"","header-below-stick-meta":"","astra-migrate-meta-layouts":"default","ast-page-background-enabled":"default","ast-page-background-meta":{"desktop":{"background-color":"var(--ast-global-color-5)","background-image":"","background-repeat":"repeat","background-position":"center center","background-size":"auto","background-attachment":"scroll","background-type":"","background-media":"","overlay-type":"","overlay-color":"","overlay-opacity":"","overlay-gradient":""},"tablet":{"background-color":"","background-image":"","background-repeat":"repeat","background-position":"center center","background-size":"auto","background-attachment":"scroll","background-type":"","background-media":"","overlay-type":"","overlay-color":"","overlay-opacity":"","overlay-gradient":""},"mobile":{"background-color":"","background-image":"","background-repeat":"repeat","background-position":"center center","background-size":"auto","background-attachment":"scroll","background-type":"","background-media":"","overlay-type":"","overlay-color":"","overlay-opacity":"","overlay-gradient":""}},"ast-content-background-meta":{"desktop":{"background-color":"var(--ast-global-color-4)","background-image":"","background-repeat":"repeat","background-position":"center center","background-size":"auto","background-attachment":"scroll","background-type":"","background-media":"","overlay-type":"","overlay-color":"","overlay-opacity":"","overlay-gradient":""},"tablet":{"background-color":"var(--ast-global-color-4)","background-image":"","background-repeat":"repeat","background-position":"center center","background-size":"auto","background-attachment":"scroll","background-type":"","background-media":"","overlay-type":"","overlay-color":"","overlay-opacity":"","overlay-gradient":""},"mobile":{"background-color":"var(--ast-global-color-4)","background-image":"","background-repeat":"repeat","background-position":"center center","background-size":"auto","background-attachment":"scroll","background-type":"","background-media":"","overlay-type":"","overlay-color":"","overlay-opacity":"","overlay-gradient":""}},"footnotes":""},"categories":[1],"tags":[],"class_list":["post-1149","post","type-post","status-publish","format-standard","has-post-thumbnail","hentry","category-nekategorizets"],"acf":[],"yoast_head":"<!-- This site is optimized with the Yoast SEO plugin v28.4 - https:\/\/yoast.com\/product\/yoast-seo-wordpress\/ -->\n<title>Augusts \u2013 iedvesmas m\u0113nesis - Valmieras Viestura vidusskola<\/title>\n<meta name=\"robots\" content=\"index, follow, max-snippet:-1, max-image-preview:large, max-video-preview:-1\" \/>\n<link rel=\"canonical\" href=\"https:\/\/izglitiba.valmierasnovads.lv\/vvv\/augusts-iedvesmas-menesis\/\" \/>\n<meta property=\"og:locale\" content=\"lv_LV\" \/>\n<meta property=\"og:type\" content=\"article\" \/>\n<meta property=\"og:title\" content=\"Augusts \u2013 iedvesmas m\u0113nesis - Valmieras Viestura vidusskola\" \/>\n<meta property=\"og:description\" content=\"20.august\u0101 skolas matem\u0101tikas skolot\u0101ja Inga Kraukle piedal\u012bj\u0101s Latvijas Universit\u0101tes EZTF Starpnozaru izgl\u012bt\u012bbas inov\u0101ciju centra organiz\u0113taj\u0101 konferenc\u0113 \u201cDabaszin\u0101tnes, matem\u0101tika, in\u017eenierzin\u0101tes un [&hellip;]\" \/>\n<meta property=\"og:url\" content=\"https:\/\/izglitiba.valmierasnovads.lv\/vvv\/augusts-iedvesmas-menesis\/\" \/>\n<meta property=\"og:site_name\" content=\"Valmieras Viestura vidusskola\" \/>\n<meta property=\"article:published_time\" content=\"2026-08-28T07:10:25+00:00\" \/>\n<meta property=\"article:modified_time\" content=\"2026-08-28T07:41:40+00:00\" \/>\n<meta property=\"og:image\" content=\"https:\/\/izglitiba.valmierasnovads.lv\/vvv\/wp-content\/uploads\/sites\/41\/2026\/08\/Dabaszin.jpg\" \/>\n\t<meta property=\"og:image:width\" content=\"454\" \/>\n\t<meta property=\"og:image:height\" content=\"440\" \/>\n\t<meta property=\"og:image:type\" content=\"image\/jpeg\" \/>\n<meta name=\"author\" content=\"uldisjansons\" \/>\n<meta name=\"twitter:card\" content=\"summary_large_image\" \/>\n<meta name=\"twitter:label1\" content=\"Written by\" \/>\n\t<meta name=\"twitter:data1\" content=\"uldisjansons\" \/>\n\t<meta name=\"twitter:label2\" content=\"Est. reading time\" \/>\n\t<meta name=\"twitter:data2\" content=\"2 min\u016btes\" \/>\n<script type=\"application\/ld+json\" class=\"yoast-schema-graph\">{\"@context\":\"https:\\\/\\\/schema.org\",\"@graph\":[{\"@type\":\"Article\",\"@id\":\"https:\\\/\\\/izglitiba.valmierasnovads.lv\\\/vvv\\\/augusts-iedvesmas-menesis\\\/#article\",\"isPartOf\":{\"@id\":\"https:\\\/\\\/izglitiba.valmierasnovads.lv\\\/vvv\\\/augusts-iedvesmas-menesis\\\/\"},\"author\":{\"name\":\"uldisjansons\",\"@id\":\"https:\\\/\\\/izglitiba.valmierasnovads.lv\\\/vvv\\\/#\\\/schema\\\/person\\\/6460d50b7e8cbdaa1794f074bdfedcb2\"},\"headline\":\"Augusts \u2013 iedvesmas m\u0113nesis\",\"datePublished\":\"2026-08-28T07:10:25+00:00\",\"dateModified\":\"2026-08-28T07:41:40+00:00\",\"mainEntityOfPage\":{\"@id\":\"https:\\\/\\\/izglitiba.valmierasnovads.lv\\\/vvv\\\/augusts-iedvesmas-menesis\\\/\"},\"wordCount\":308,\"publisher\":{\"@id\":\"https:\\\/\\\/izglitiba.valmierasnovads.lv\\\/vvv\\\/#organization\"},\"image\":{\"@id\":\"https:\\\/\\\/izglitiba.valmierasnovads.lv\\\/vvv\\\/augusts-iedvesmas-menesis\\\/#primaryimage\"},\"thumbnailUrl\":\"https:\\\/\\\/izglitiba.valmierasnovads.lv\\\/vvv\\\/wp-content\\\/uploads\\\/sites\\\/41\\\/2026\\\/08\\\/Dabaszin.jpg\",\"inLanguage\":\"lv-LV\"},{\"@type\":\"WebPage\",\"@id\":\"https:\\\/\\\/izglitiba.valmierasnovads.lv\\\/vvv\\\/augusts-iedvesmas-menesis\\\/\",\"url\":\"https:\\\/\\\/izglitiba.valmierasnovads.lv\\\/vvv\\\/augusts-iedvesmas-menesis\\\/\",\"name\":\"Augusts \u2013 iedvesmas m\u0113nesis - Valmieras Viestura vidusskola\",\"isPartOf\":{\"@id\":\"https:\\\/\\\/izglitiba.valmierasnovads.lv\\\/vvv\\\/#website\"},\"primaryImageOfPage\":{\"@id\":\"https:\\\/\\\/izglitiba.valmierasnovads.lv\\\/vvv\\\/augusts-iedvesmas-menesis\\\/#primaryimage\"},\"image\":{\"@id\":\"https:\\\/\\\/izglitiba.valmierasnovads.lv\\\/vvv\\\/augusts-iedvesmas-menesis\\\/#primaryimage\"},\"thumbnailUrl\":\"https:\\\/\\\/izglitiba.valmierasnovads.lv\\\/vvv\\\/wp-content\\\/uploads\\\/sites\\\/41\\\/2026\\\/08\\\/Dabaszin.jpg\",\"datePublished\":\"2026-08-28T07:10:25+00:00\",\"dateModified\":\"2026-08-28T07:41:40+00:00\",\"breadcrumb\":{\"@id\":\"https:\\\/\\\/izglitiba.valmierasnovads.lv\\\/vvv\\\/augusts-iedvesmas-menesis\\\/#breadcrumb\"},\"inLanguage\":\"lv-LV\",\"potentialAction\":[{\"@type\":\"ReadAction\",\"target\":[\"https:\\\/\\\/izglitiba.valmierasnovads.lv\\\/vvv\\\/augusts-iedvesmas-menesis\\\/\"]}]},{\"@type\":\"ImageObject\",\"inLanguage\":\"lv-LV\",\"@id\":\"https:\\\/\\\/izglitiba.valmierasnovads.lv\\\/vvv\\\/augusts-iedvesmas-menesis\\\/#primaryimage\",\"url\":\"https:\\\/\\\/izglitiba.valmierasnovads.lv\\\/vvv\\\/wp-content\\\/uploads\\\/sites\\\/41\\\/2026\\\/08\\\/Dabaszin.jpg\",\"contentUrl\":\"https:\\\/\\\/izglitiba.valmierasnovads.lv\\\/vvv\\\/wp-content\\\/uploads\\\/sites\\\/41\\\/2026\\\/08\\\/Dabaszin.jpg\",\"width\":454,\"height\":440},{\"@type\":\"BreadcrumbList\",\"@id\":\"https:\\\/\\\/izglitiba.valmierasnovads.lv\\\/vvv\\\/augusts-iedvesmas-menesis\\\/#breadcrumb\",\"itemListElement\":[{\"@type\":\"ListItem\",\"position\":1,\"name\":\"Home\",\"item\":\"https:\\\/\\\/izglitiba.valmierasnovads.lv\\\/vvv\\\/\"},{\"@type\":\"ListItem\",\"position\":2,\"name\":\"Augusts \u2013 iedvesmas m\u0113nesis\"}]},{\"@type\":\"WebSite\",\"@id\":\"https:\\\/\\\/izglitiba.valmierasnovads.lv\\\/vvv\\\/#website\",\"url\":\"https:\\\/\\\/izglitiba.valmierasnovads.lv\\\/vvv\\\/\",\"name\":\"Valmieras Viestura vidusskola\",\"description\":\"\",\"publisher\":{\"@id\":\"https:\\\/\\\/izglitiba.valmierasnovads.lv\\\/vvv\\\/#organization\"},\"potentialAction\":[{\"@type\":\"SearchAction\",\"target\":{\"@type\":\"EntryPoint\",\"urlTemplate\":\"https:\\\/\\\/izglitiba.valmierasnovads.lv\\\/vvv\\\/?s={search_term_string}\"},\"query-input\":{\"@type\":\"PropertyValueSpecification\",\"valueRequired\":true,\"valueName\":\"search_term_string\"}}],\"inLanguage\":\"lv-LV\"},{\"@type\":\"Organization\",\"@id\":\"https:\\\/\\\/izglitiba.valmierasnovads.lv\\\/vvv\\\/#organization\",\"name\":\"Valmieras Viestura vidusskola\",\"url\":\"https:\\\/\\\/izglitiba.valmierasnovads.lv\\\/vvv\\\/\",\"logo\":{\"@type\":\"ImageObject\",\"inLanguage\":\"lv-LV\",\"@id\":\"https:\\\/\\\/izglitiba.valmierasnovads.lv\\\/vvv\\\/#\\\/schema\\\/logo\\\/image\\\/\",\"url\":\"https:\\\/\\\/izglitiba.valmierasnovads.lv\\\/vvv\\\/wp-content\\\/uploads\\\/sites\\\/41\\\/2026\\\/08\\\/viesturskolas_logo3.png\",\"contentUrl\":\"https:\\\/\\\/izglitiba.valmierasnovads.lv\\\/vvv\\\/wp-content\\\/uploads\\\/sites\\\/41\\\/2026\\\/08\\\/viesturskolas_logo3.png\",\"width\":2176,\"height\":404,\"caption\":\"Valmieras Viestura vidusskola\"},\"image\":{\"@id\":\"https:\\\/\\\/izglitiba.valmierasnovads.lv\\\/vvv\\\/#\\\/schema\\\/logo\\\/image\\\/\"}},{\"@type\":\"Person\",\"@id\":\"https:\\\/\\\/izglitiba.valmierasnovads.lv\\\/vvv\\\/#\\\/schema\\\/person\\\/6460d50b7e8cbdaa1794f074bdfedcb2\",\"name\":\"uldisjansons\",\"image\":{\"@type\":\"ImageObject\",\"inLanguage\":\"lv-LV\",\"@id\":\"https:\\\/\\\/secure.gravatar.com\\\/avatar\\\/c3c8d7de5e92b4e0d166e10455be8fc7942e5f2a13d7c16945994da7f2905dea?s=96&d=mm&r=g\",\"url\":\"https:\\\/\\\/secure.gravatar.com\\\/avatar\\\/c3c8d7de5e92b4e0d166e10455be8fc7942e5f2a13d7c16945994da7f2905dea?s=96&d=mm&r=g\",\"contentUrl\":\"https:\\\/\\\/secure.gravatar.com\\\/avatar\\\/c3c8d7de5e92b4e0d166e10455be8fc7942e5f2a13d7c16945994da7f2905dea?s=96&d=mm&r=g\",\"caption\":\"uldisjansons\"},\"url\":\"https:\\\/\\\/izglitiba.valmierasnovads.lv\\\/vvv\\\/author\\\/uldisjansons\\\/\"}]}<\/script>\n<!-- \/ Yoast SEO plugin. -->","yoast_head_json":{"title":"Augusts \u2013 iedvesmas m\u0113nesis - Valmieras Viestura vidusskola","robots":{"index":"index","follow":"follow","max-snippet":"max-snippet:-1","max-image-preview":"max-image-preview:large","max-video-preview":"max-video-preview:-1"},"canonical":"https:\/\/izglitiba.valmierasnovads.lv\/vvv\/augusts-iedvesmas-menesis\/","og_locale":"lv_LV","og_type":"article","og_title":"Augusts \u2013 iedvesmas m\u0113nesis - Valmieras Viestura vidusskola","og_description":"20.august\u0101 skolas matem\u0101tikas skolot\u0101ja Inga Kraukle piedal\u012bj\u0101s Latvijas Universit\u0101tes EZTF Starpnozaru izgl\u012bt\u012bbas inov\u0101ciju centra organiz\u0113taj\u0101 konferenc\u0113 \u201cDabaszin\u0101tnes, matem\u0101tika, in\u017eenierzin\u0101tes un [&hellip;]","og_url":"https:\/\/izglitiba.valmierasnovads.lv\/vvv\/augusts-iedvesmas-menesis\/","og_site_name":"Valmieras Viestura vidusskola","article_published_time":"2026-08-28T07:10:25+00:00","article_modified_time":"2026-08-28T07:41:40+00:00","og_image":[{"width":454,"height":440,"url":"https:\/\/izglitiba.valmierasnovads.lv\/vvv\/wp-content\/uploads\/sites\/41\/2026\/08\/Dabaszin.jpg","type":"image\/jpeg"}],"author":"uldisjansons","twitter_card":"summary_large_image","twitter_misc":{"Written by":"uldisjansons","Est. reading time":"2 min\u016btes"},"schema":{"@context":"https:\/\/schema.org","@graph":[{"@type":"Article","@id":"https:\/\/izglitiba.valmierasnovads.lv\/vvv\/augusts-iedvesmas-menesis\/#article","isPartOf":{"@id":"https:\/\/izglitiba.valmierasnovads.lv\/vvv\/augusts-iedvesmas-menesis\/"},"author":{"name":"uldisjansons","@id":"https:\/\/izglitiba.valmierasnovads.lv\/vvv\/#\/schema\/person\/6460d50b7e8cbdaa1794f074bdfedcb2"},"headline":"Augusts \u2013 iedvesmas m\u0113nesis","datePublished":"2026-08-28T07:10:25+00:00","dateModified":"2026-08-28T07:41:40+00:00","mainEntityOfPage":{"@id":"https:\/\/izglitiba.valmierasnovads.lv\/vvv\/augusts-iedvesmas-menesis\/"},"wordCount":308,"publisher":{"@id":"https:\/\/izglitiba.valmierasnovads.lv\/vvv\/#organization"},"image":{"@id":"https:\/\/izglitiba.valmierasnovads.lv\/vvv\/augusts-iedvesmas-menesis\/#primaryimage"},"thumbnailUrl":"https:\/\/izglitiba.valmierasnovads.lv\/vvv\/wp-content\/uploads\/sites\/41\/2026\/08\/Dabaszin.jpg","inLanguage":"lv-LV"},{"@type":"WebPage","@id":"https:\/\/izglitiba.valmierasnovads.lv\/vvv\/augusts-iedvesmas-menesis\/","url":"https:\/\/izglitiba.valmierasnovads.lv\/vvv\/augusts-iedvesmas-menesis\/","name":"Augusts \u2013 iedvesmas m\u0113nesis - Valmieras Viestura vidusskola","isPartOf":{"@id":"https:\/\/izglitiba.valmierasnovads.lv\/vvv\/#website"},"primaryImageOfPage":{"@id":"https:\/\/izglitiba.valmierasnovads.lv\/vvv\/augusts-iedvesmas-menesis\/#primaryimage"},"image":{"@id":"https:\/\/izglitiba.valmierasnovads.lv\/vvv\/augusts-iedvesmas-menesis\/#primaryimage"},"thumbnailUrl":"https:\/\/izglitiba.valmierasnovads.lv\/vvv\/wp-content\/uploads\/sites\/41\/2026\/08\/Dabaszin.jpg","datePublished":"2026-08-28T07:10:25+00:00","dateModified":"2026-08-28T07:41:40+00:00","breadcrumb":{"@id":"https:\/\/izglitiba.valmierasnovads.lv\/vvv\/augusts-iedvesmas-menesis\/#breadcrumb"},"inLanguage":"lv-LV","potentialAction":[{"@type":"ReadAction","target":["https:\/\/izglitiba.valmierasnovads.lv\/vvv\/augusts-iedvesmas-menesis\/"]}]},{"@type":"ImageObject","inLanguage":"lv-LV","@id":"https:\/\/izglitiba.valmierasnovads.lv\/vvv\/augusts-iedvesmas-menesis\/#primaryimage","url":"https:\/\/izglitiba.valmierasnovads.lv\/vvv\/wp-content\/uploads\/sites\/41\/2026\/08\/Dabaszin.jpg","contentUrl":"https:\/\/izglitiba.valmierasnovads.lv\/vvv\/wp-content\/uploads\/sites\/41\/2026\/08\/Dabaszin.jpg","width":454,"height":440},{"@type":"BreadcrumbList","@id":"https:\/\/izglitiba.valmierasnovads.lv\/vvv\/augusts-iedvesmas-menesis\/#breadcrumb","itemListElement":[{"@type":"ListItem","position":1,"name":"Home","item":"https:\/\/izglitiba.valmierasnovads.lv\/vvv\/"},{"@type":"ListItem","position":2,"name":"Augusts \u2013 iedvesmas m\u0113nesis"}]},{"@type":"WebSite","@id":"https:\/\/izglitiba.valmierasnovads.lv\/vvv\/#website","url":"https:\/\/izglitiba.valmierasnovads.lv\/vvv\/","name":"Valmieras Viestura vidusskola","description":"","publisher":{"@id":"https:\/\/izglitiba.valmierasnovads.lv\/vvv\/#organization"},"potentialAction":[{"@type":"SearchAction","target":{"@type":"EntryPoint","urlTemplate":"https:\/\/izglitiba.valmierasnovads.lv\/vvv\/?s={search_term_string}"},"query-input":{"@type":"PropertyValueSpecification","valueRequired":true,"valueName":"search_term_string"}}],"inLanguage":"lv-LV"},{"@type":"Organization","@id":"https:\/\/izglitiba.valmierasnovads.lv\/vvv\/#organization","name":"Valmieras Viestura vidusskola","url":"https:\/\/izglitiba.valmierasnovads.lv\/vvv\/","logo":{"@type":"ImageObject","inLanguage":"lv-LV","@id":"https:\/\/izglitiba.valmierasnovads.lv\/vvv\/#\/schema\/logo\/image\/","url":"https:\/\/izglitiba.valmierasnovads.lv\/vvv\/wp-content\/uploads\/sites\/41\/2026\/08\/viesturskolas_logo3.png","contentUrl":"https:\/\/izglitiba.valmierasnovads.lv\/vvv\/wp-content\/uploads\/sites\/41\/2026\/08\/viesturskolas_logo3.png","width":2176,"height":404,"caption":"Valmieras Viestura vidusskola"},"image":{"@id":"https:\/\/izglitiba.valmierasnovads.lv\/vvv\/#\/schema\/logo\/image\/"}},{"@type":"Person","@id":"https:\/\/izglitiba.valmierasnovads.lv\/vvv\/#\/schema\/person\/6460d50b7e8cbdaa1794f074bdfedcb2","name":"uldisjansons","image":{"@type":"ImageObject","inLanguage":"lv-LV","@id":"https:\/\/secure.gravatar.com\/avatar\/c3c8d7de5e92b4e0d166e10455be8fc7942e5f2a13d7c16945994da7f2905dea?s=96&d=mm&r=g","url":"https:\/\/secure.gravatar.com\/avatar\/c3c8d7de5e92b4e0d166e10455be8fc7942e5f2a13d7c16945994da7f2905dea?s=96&d=mm&r=g","contentUrl":"https:\/\/secure.gravatar.com\/avatar\/c3c8d7de5e92b4e0d166e10455be8fc7942e5f2a13d7c16945994da7f2905dea?s=96&d=mm&r=g","caption":"uldisjansons"},"url":"https:\/\/izglitiba.valmierasnovads.lv\/vvv\/author\/uldisjansons\/"}]}},"_links":{"self":[{"href":"https:\/\/izglitiba.valmierasnovads.lv\/vvv\/wp-json\/wp\/v2\/posts\/1149","targetHints":{"allow":["GET"]}}],"collection":[{"href":"https:\/\/izglitiba.valmierasnovads.lv\/vvv\/wp-json\/wp\/v2\/posts"}],"about":[{"href":"https:\/\/izglitiba.valmierasnovads.lv\/vvv\/wp-json\/wp\/v2\/types\/post"}],"author":[{"embeddable":true,"href":"https:\/\/izglitiba.valmierasnovads.lv\/vvv\/wp-json\/wp\/v2\/users\/62"}],"replies":[{"embeddable":true,"href":"https:\/\/izglitiba.valmierasnovads.lv\/vvv\/wp-json\/wp\/v2\/comments?post=1149"}],"version-history":[{"count":12,"href":"https:\/\/izglitiba.valmierasnovads.lv\/vvv\/wp-json\/wp\/v2\/posts\/1149\/revisions"}],"predecessor-version":[{"id":1169,"href":"https:\/\/izglitiba.valmierasnovads.lv\/vvv\/wp-json\/wp\/v2\/posts\/1149\/revisions\/1169"}],"wp:featuredmedia":[{"embeddable":true,"href":"https:\/\/izglitiba.valmierasnovads.lv\/vvv\/wp-json\/wp\/v2\/media\/1151"}],"wp:attachment":[{"href":"https:\/\/izglitiba.valmierasnovads.lv\/vvv\/wp-json\/wp\/v2\/media?parent=1149"}],"wp:term":[{"taxonomy":"category","embeddable":true,"href":"https:\/\/izglitiba.valmierasnovads.lv\/vvv\/wp-json\/wp\/v2\/categories?post=1149"},{"taxonomy":"post_tag","embeddable":true,"href":"https:\/\/izglitiba.valmierasnovads.lv\/vvv\/wp-json\/wp\/v2\/tags?post=1149"}],"curies":[{"name":"wp","href":"https:\/\/api.w.org\/{rel}","templated":true}]}}