{"id":1270,"date":"2026-09-02T09:54:33","date_gmt":"2026-09-02T06:54:33","guid":{"rendered":"https:\/\/izglitiba.valmierasnovads.lv\/vvv\/?p=1270"},"modified":"2026-09-03T11:01:31","modified_gmt":"2026-09-03T08:01:31","slug":"jaunas-zinasanas-un-iedvesma-pirms-jauna-macibu-gada","status":"publish","type":"post","link":"https:\/\/izglitiba.valmierasnovads.lv\/vvv\/jaunas-zinasanas-un-iedvesma-pirms-jauna-macibu-gada\/","title":{"rendered":"Jaunas zin\u0101\u0161anas un iedvesma pirms jaun\u0101 m\u0101c\u012bbu gada"},"content":{"rendered":"\n<p class=\"wp-block-paragraph\">Gatavojoties jaunajam m\u0101c\u012bbu gadam, Valmieras Viestura vidusskolas pedagogi no 17. l\u012bdz 18. augustam aizvad\u012bja izzino\u0161as un iedvesmojo\u0161as divu dienu apm\u0101c\u012bbas <strong>&#8220;Da\u017e\u0101d\u012bbas treni\u0146\u0161&#8221;<\/strong>, ko organiz\u0113j\u0101m sadarb\u012bb\u0101 ar Izgl\u012bt\u012bbas iniciat\u012bvu centrs (IIC).<\/p>\n\n\n\n<p class=\"wp-block-paragraph\">Apm\u0101c\u012bbu m\u0113r\u0137is bija pilnveidot izpratni par ieciet\u012bgu, atv\u0113rtu un atbalsto\u0161u vidi skolas kopien\u0101. M\u0101c\u012bbu proces\u0101 skolot\u0101ji ne tikai klaus\u012bj\u0101s teorij\u0101, bet ar\u012b akt\u012bvi darboj\u0101s grup\u0101s, diskut\u0113ja, analiz\u0113ja da\u017e\u0101das re\u0101l\u0101s dz\u012bves situ\u0101cijas un mekl\u0113ja praktiskus risin\u0101jumus, k\u0101 ikdienas darb\u0101 veidot dro\u0161u un cie\u0146pilnu gaisotni ikvienam skol\u0113nam.<\/p>\n\n\n\n<p class=\"wp-block-paragraph\"><strong>Ko pedagogi apguva un p\u0101rrun\u0101ja apm\u0101c\u012bb\u0101s?<\/strong><\/p>\n\n\n\n<ul class=\"wp-block-list\">\n<li><strong>Izpratni par da\u017e\u0101d\u012bbu un l\u012bdzcilv\u0113ku nov\u0113rt\u0113\u0161anu:<\/strong> K\u0101 paman\u012bt, cien\u012bt un nov\u0113rt\u0113t at\u0161\u0137ir\u012bbas starp cilv\u0113kiem, neatkar\u012bgi no vi\u0146u etnisk\u0101s pieder\u012bbas, vecuma, dzimuma, vesel\u012bbas st\u0101vok\u013ca vai citiem aspektiem.<\/li>\n\n\n\n<li><strong>Stereotipu un aizspriedumu atpaz\u012b\u0161anu:<\/strong> K\u0101 m\u016bsu uztveri ietekm\u0113 zemapzi\u0146as aizspriedumi, un k\u0101 nov\u0113rst diskrimin\u0113jo\u0161as attieksmes veido\u0161anos ikdienas saskarsm\u0113.<\/li>\n\n\n\n<li><strong>Iek\u013caujo\u0161as komunik\u0101cijas prasmes:<\/strong> Efekt\u012bvas strat\u0113\u0123ijas un saskarsmes pa\u0146\u0113mienus darbam ar da\u017e\u0101d\u0101m sabiedr\u012bbas grup\u0101m.<\/li>\n\n\n\n<li><strong>Dro\u0161as skolas vides veido\u0161anu:<\/strong> Praktiskus pa\u0146\u0113mienus, k\u0101 kop\u0101 veidot pozit\u012bvu, nediskrimin\u0113jo\u0161u un nevardarb\u012bgu skolas vidi, kur\u0101 katrs skol\u0113ns un skolot\u0101js j\u016btas pie\u0146emts un uzklaus\u012bts.<\/li>\n<\/ul>\n\n\n\n<p class=\"wp-block-paragraph\">K\u0101 uzsver apm\u0101c\u012bbas kursa koordinatore \u2014 Valmieras novada Iek\u013caujo\u0161\u0101s izgl\u012bt\u012bbas jomas metodi\u0137e un m\u016bsu skolas soci\u0101l\u0101 pedago\u0123e <strong>Iveta Up\u012bte<\/strong>:<\/p>\n\n\n\n<blockquote class=\"wp-block-quote is-layout-flow wp-block-quote-is-layout-flow\">\n<p class=\"wp-block-paragraph\"><em>&#8220;Da\u017e\u0101d\u012bba ir m\u016bsu resursi un sp\u0113ks. \u0160\u012bs divas dienas \u013c\u0101va mums no jauna p\u0101rliecin\u0101ties, cik svar\u012bgi ir veidot vidi, kur\u0101 katrs b\u0113rns j\u016btas dro\u0161s, saprasts un paman\u012bts. Ar ieg\u016btaj\u0101m atzi\u0146\u0101m un praktiskaj\u0101m metod\u0113m esam gatavi jaud\u012bgam un iek\u013caujo\u0161am m\u0101c\u012bbu gadam!&#8221;<\/em><\/p>\n<\/blockquote>\n\n\n\n<p class=\"wp-block-paragraph\">Paldies <strong>Izgl\u012bt\u012bbas iniciat\u012bvu centram<\/strong> (<a href=\"https:\/\/www.iic.lv\">www.iic.lv<\/a>), pasniedz\u0113jai Sandrai Krauklei par v\u0113rt\u012bgaj\u0101m m\u0101c\u012bb\u0101m un m\u016bsu pedagogu komandai par atv\u0113rt\u012bbu, ieinteres\u0113t\u012bbu un ener\u0123iju!<\/p>\n\n\n\n<p class=\"wp-block-paragraph\">Kop\u0101 m\u0113s veidojam Valmieras Viestura vidusskolu par vietu, kur\u0101 augt, m\u0101c\u012bties un iedvesmoties ikvienam! <\/p>\n\n\n\n<p class=\"wp-block-paragraph\">Apm\u0101c\u012bbas kursa koordinatore soci\u0101l\u0101 pedago\u0123e Iveta Up\u012bte<\/p>\n","protected":false},"excerpt":{"rendered":"<p>Gatavojoties jaunajam m\u0101c\u012bbu gadam, Valmieras Viestura vidusskolas pedagogi no 17. l\u012bdz 18. augustam aizvad\u012bja izzino\u0161as un iedvesmojo\u0161as divu dienu apm\u0101c\u012bbas [&hellip;]<\/p>\n","protected":false},"author":62,"featured_media":1271,"comment_status":"closed","ping_status":"closed","sticky":false,"template":"","format":"standard","meta":{"_acf_changed":false,"site-sidebar-layout":"default","site-content-layout":"","ast-site-content-layout":"default","site-content-style":"default","site-sidebar-style":"default","ast-global-header-display":"","ast-banner-title-visibility":"","ast-main-header-display":"","ast-hfb-above-header-display":"","ast-hfb-below-header-display":"","ast-hfb-mobile-header-display":"","site-post-title":"","ast-breadcrumbs-content":"","ast-featured-img":"","footer-sml-layout":"","ast-disable-related-posts":"","theme-transparent-header-meta":"","adv-header-id-meta":"","stick-header-meta":"","header-above-stick-meta":"","header-main-stick-meta":"","header-below-stick-meta":"","astra-migrate-meta-layouts":"default","ast-page-background-enabled":"default","ast-page-background-meta":{"desktop":{"background-color":"var(--ast-global-color-5)","background-image":"","background-repeat":"repeat","background-position":"center center","background-size":"auto","background-attachment":"scroll","background-type":"","background-media":"","overlay-type":"","overlay-color":"","overlay-opacity":"","overlay-gradient":""},"tablet":{"background-color":"","background-image":"","background-repeat":"repeat","background-position":"center center","background-size":"auto","background-attachment":"scroll","background-type":"","background-media":"","overlay-type":"","overlay-color":"","overlay-opacity":"","overlay-gradient":""},"mobile":{"background-color":"","background-image":"","background-repeat":"repeat","background-position":"center center","background-size":"auto","background-attachment":"scroll","background-type":"","background-media":"","overlay-type":"","overlay-color":"","overlay-opacity":"","overlay-gradient":""}},"ast-content-background-meta":{"desktop":{"background-color":"var(--ast-global-color-4)","background-image":"","background-repeat":"repeat","background-position":"center center","background-size":"auto","background-attachment":"scroll","background-type":"","background-media":"","overlay-type":"","overlay-color":"","overlay-opacity":"","overlay-gradient":""},"tablet":{"background-color":"var(--ast-global-color-4)","background-image":"","background-repeat":"repeat","background-position":"center center","background-size":"auto","background-attachment":"scroll","background-type":"","background-media":"","overlay-type":"","overlay-color":"","overlay-opacity":"","overlay-gradient":""},"mobile":{"background-color":"var(--ast-global-color-4)","background-image":"","background-repeat":"repeat","background-position":"center center","background-size":"auto","background-attachment":"scroll","background-type":"","background-media":"","overlay-type":"","overlay-color":"","overlay-opacity":"","overlay-gradient":""}},"footnotes":""},"categories":[1],"tags":[],"class_list":["post-1270","post","type-post","status-publish","format-standard","has-post-thumbnail","hentry","category-nekategorizets"],"acf":[],"yoast_head":"<!-- This site is optimized with the Yoast SEO plugin v28.4 - https:\/\/yoast.com\/product\/yoast-seo-wordpress\/ -->\n<title>Jaunas zin\u0101\u0161anas un iedvesma pirms jaun\u0101 m\u0101c\u012bbu gada - Valmieras Viestura vidusskola<\/title>\n<meta name=\"robots\" content=\"index, follow, max-snippet:-1, max-image-preview:large, max-video-preview:-1\" \/>\n<link rel=\"canonical\" href=\"https:\/\/izglitiba.valmierasnovads.lv\/vvv\/jaunas-zinasanas-un-iedvesma-pirms-jauna-macibu-gada\/\" \/>\n<meta property=\"og:locale\" content=\"lv_LV\" \/>\n<meta property=\"og:type\" content=\"article\" \/>\n<meta property=\"og:title\" content=\"Jaunas zin\u0101\u0161anas un iedvesma pirms jaun\u0101 m\u0101c\u012bbu gada - Valmieras Viestura vidusskola\" \/>\n<meta property=\"og:description\" content=\"Gatavojoties jaunajam m\u0101c\u012bbu gadam, Valmieras Viestura vidusskolas pedagogi no 17. l\u012bdz 18. augustam aizvad\u012bja izzino\u0161as un iedvesmojo\u0161as divu dienu apm\u0101c\u012bbas [&hellip;]\" \/>\n<meta property=\"og:url\" content=\"https:\/\/izglitiba.valmierasnovads.lv\/vvv\/jaunas-zinasanas-un-iedvesma-pirms-jauna-macibu-gada\/\" \/>\n<meta property=\"og:site_name\" content=\"Valmieras Viestura vidusskola\" \/>\n<meta property=\"article:published_time\" content=\"2026-09-02T06:54:33+00:00\" \/>\n<meta property=\"article:modified_time\" content=\"2026-09-03T08:01:31+00:00\" \/>\n<meta property=\"og:image\" content=\"https:\/\/izglitiba.valmierasnovads.lv\/vvv\/wp-content\/uploads\/sites\/41\/2026\/09\/majaslapa_kvadrats-2.png\" \/>\n\t<meta property=\"og:image:width\" content=\"1080\" \/>\n\t<meta property=\"og:image:height\" content=\"1080\" \/>\n\t<meta property=\"og:image:type\" content=\"image\/png\" \/>\n<meta name=\"author\" content=\"uldisjansons\" \/>\n<meta name=\"twitter:card\" content=\"summary_large_image\" \/>\n<meta name=\"twitter:label1\" content=\"Written by\" \/>\n\t<meta name=\"twitter:data1\" content=\"uldisjansons\" \/>\n\t<meta name=\"twitter:label2\" content=\"Est. reading time\" \/>\n\t<meta name=\"twitter:data2\" content=\"2 min\u016btes\" \/>\n<script type=\"application\/ld+json\" class=\"yoast-schema-graph\">{\"@context\":\"https:\\\/\\\/schema.org\",\"@graph\":[{\"@type\":\"Article\",\"@id\":\"https:\\\/\\\/izglitiba.valmierasnovads.lv\\\/vvv\\\/jaunas-zinasanas-un-iedvesma-pirms-jauna-macibu-gada\\\/#article\",\"isPartOf\":{\"@id\":\"https:\\\/\\\/izglitiba.valmierasnovads.lv\\\/vvv\\\/jaunas-zinasanas-un-iedvesma-pirms-jauna-macibu-gada\\\/\"},\"author\":{\"name\":\"uldisjansons\",\"@id\":\"https:\\\/\\\/izglitiba.valmierasnovads.lv\\\/vvv\\\/#\\\/schema\\\/person\\\/6460d50b7e8cbdaa1794f074bdfedcb2\"},\"headline\":\"Jaunas zin\u0101\u0161anas un iedvesma pirms jaun\u0101 m\u0101c\u012bbu gada\",\"datePublished\":\"2026-09-02T06:54:33+00:00\",\"dateModified\":\"2026-09-03T08:01:31+00:00\",\"mainEntityOfPage\":{\"@id\":\"https:\\\/\\\/izglitiba.valmierasnovads.lv\\\/vvv\\\/jaunas-zinasanas-un-iedvesma-pirms-jauna-macibu-gada\\\/\"},\"wordCount\":425,\"publisher\":{\"@id\":\"https:\\\/\\\/izglitiba.valmierasnovads.lv\\\/vvv\\\/#organization\"},\"image\":{\"@id\":\"https:\\\/\\\/izglitiba.valmierasnovads.lv\\\/vvv\\\/jaunas-zinasanas-un-iedvesma-pirms-jauna-macibu-gada\\\/#primaryimage\"},\"thumbnailUrl\":\"https:\\\/\\\/izglitiba.valmierasnovads.lv\\\/vvv\\\/wp-content\\\/uploads\\\/sites\\\/41\\\/2026\\\/09\\\/majaslapa_kvadrats-2.png\",\"inLanguage\":\"lv-LV\"},{\"@type\":\"WebPage\",\"@id\":\"https:\\\/\\\/izglitiba.valmierasnovads.lv\\\/vvv\\\/jaunas-zinasanas-un-iedvesma-pirms-jauna-macibu-gada\\\/\",\"url\":\"https:\\\/\\\/izglitiba.valmierasnovads.lv\\\/vvv\\\/jaunas-zinasanas-un-iedvesma-pirms-jauna-macibu-gada\\\/\",\"name\":\"Jaunas zin\u0101\u0161anas un iedvesma pirms jaun\u0101 m\u0101c\u012bbu gada - Valmieras Viestura vidusskola\",\"isPartOf\":{\"@id\":\"https:\\\/\\\/izglitiba.valmierasnovads.lv\\\/vvv\\\/#website\"},\"primaryImageOfPage\":{\"@id\":\"https:\\\/\\\/izglitiba.valmierasnovads.lv\\\/vvv\\\/jaunas-zinasanas-un-iedvesma-pirms-jauna-macibu-gada\\\/#primaryimage\"},\"image\":{\"@id\":\"https:\\\/\\\/izglitiba.valmierasnovads.lv\\\/vvv\\\/jaunas-zinasanas-un-iedvesma-pirms-jauna-macibu-gada\\\/#primaryimage\"},\"thumbnailUrl\":\"https:\\\/\\\/izglitiba.valmierasnovads.lv\\\/vvv\\\/wp-content\\\/uploads\\\/sites\\\/41\\\/2026\\\/09\\\/majaslapa_kvadrats-2.png\",\"datePublished\":\"2026-09-02T06:54:33+00:00\",\"dateModified\":\"2026-09-03T08:01:31+00:00\",\"breadcrumb\":{\"@id\":\"https:\\\/\\\/izglitiba.valmierasnovads.lv\\\/vvv\\\/jaunas-zinasanas-un-iedvesma-pirms-jauna-macibu-gada\\\/#breadcrumb\"},\"inLanguage\":\"lv-LV\",\"potentialAction\":[{\"@type\":\"ReadAction\",\"target\":[\"https:\\\/\\\/izglitiba.valmierasnovads.lv\\\/vvv\\\/jaunas-zinasanas-un-iedvesma-pirms-jauna-macibu-gada\\\/\"]}]},{\"@type\":\"ImageObject\",\"inLanguage\":\"lv-LV\",\"@id\":\"https:\\\/\\\/izglitiba.valmierasnovads.lv\\\/vvv\\\/jaunas-zinasanas-un-iedvesma-pirms-jauna-macibu-gada\\\/#primaryimage\",\"url\":\"https:\\\/\\\/izglitiba.valmierasnovads.lv\\\/vvv\\\/wp-content\\\/uploads\\\/sites\\\/41\\\/2026\\\/09\\\/majaslapa_kvadrats-2.png\",\"contentUrl\":\"https:\\\/\\\/izglitiba.valmierasnovads.lv\\\/vvv\\\/wp-content\\\/uploads\\\/sites\\\/41\\\/2026\\\/09\\\/majaslapa_kvadrats-2.png\",\"width\":1080,\"height\":1080},{\"@type\":\"BreadcrumbList\",\"@id\":\"https:\\\/\\\/izglitiba.valmierasnovads.lv\\\/vvv\\\/jaunas-zinasanas-un-iedvesma-pirms-jauna-macibu-gada\\\/#breadcrumb\",\"itemListElement\":[{\"@type\":\"ListItem\",\"position\":1,\"name\":\"Home\",\"item\":\"https:\\\/\\\/izglitiba.valmierasnovads.lv\\\/vvv\\\/\"},{\"@type\":\"ListItem\",\"position\":2,\"name\":\"Jaunas zin\u0101\u0161anas un iedvesma pirms jaun\u0101 m\u0101c\u012bbu gada\"}]},{\"@type\":\"WebSite\",\"@id\":\"https:\\\/\\\/izglitiba.valmierasnovads.lv\\\/vvv\\\/#website\",\"url\":\"https:\\\/\\\/izglitiba.valmierasnovads.lv\\\/vvv\\\/\",\"name\":\"Valmieras Viestura vidusskola\",\"description\":\"\",\"publisher\":{\"@id\":\"https:\\\/\\\/izglitiba.valmierasnovads.lv\\\/vvv\\\/#organization\"},\"potentialAction\":[{\"@type\":\"SearchAction\",\"target\":{\"@type\":\"EntryPoint\",\"urlTemplate\":\"https:\\\/\\\/izglitiba.valmierasnovads.lv\\\/vvv\\\/?s={search_term_string}\"},\"query-input\":{\"@type\":\"PropertyValueSpecification\",\"valueRequired\":true,\"valueName\":\"search_term_string\"}}],\"inLanguage\":\"lv-LV\"},{\"@type\":\"Organization\",\"@id\":\"https:\\\/\\\/izglitiba.valmierasnovads.lv\\\/vvv\\\/#organization\",\"name\":\"Valmieras Viestura vidusskola\",\"url\":\"https:\\\/\\\/izglitiba.valmierasnovads.lv\\\/vvv\\\/\",\"logo\":{\"@type\":\"ImageObject\",\"inLanguage\":\"lv-LV\",\"@id\":\"https:\\\/\\\/izglitiba.valmierasnovads.lv\\\/vvv\\\/#\\\/schema\\\/logo\\\/image\\\/\",\"url\":\"https:\\\/\\\/izglitiba.valmierasnovads.lv\\\/vvv\\\/wp-content\\\/uploads\\\/sites\\\/41\\\/2026\\\/08\\\/viesturskolas_logo3.png\",\"contentUrl\":\"https:\\\/\\\/izglitiba.valmierasnovads.lv\\\/vvv\\\/wp-content\\\/uploads\\\/sites\\\/41\\\/2026\\\/08\\\/viesturskolas_logo3.png\",\"width\":2176,\"height\":404,\"caption\":\"Valmieras Viestura vidusskola\"},\"image\":{\"@id\":\"https:\\\/\\\/izglitiba.valmierasnovads.lv\\\/vvv\\\/#\\\/schema\\\/logo\\\/image\\\/\"}},{\"@type\":\"Person\",\"@id\":\"https:\\\/\\\/izglitiba.valmierasnovads.lv\\\/vvv\\\/#\\\/schema\\\/person\\\/6460d50b7e8cbdaa1794f074bdfedcb2\",\"name\":\"uldisjansons\",\"image\":{\"@type\":\"ImageObject\",\"inLanguage\":\"lv-LV\",\"@id\":\"https:\\\/\\\/secure.gravatar.com\\\/avatar\\\/c3c8d7de5e92b4e0d166e10455be8fc7942e5f2a13d7c16945994da7f2905dea?s=96&d=mm&r=g\",\"url\":\"https:\\\/\\\/secure.gravatar.com\\\/avatar\\\/c3c8d7de5e92b4e0d166e10455be8fc7942e5f2a13d7c16945994da7f2905dea?s=96&d=mm&r=g\",\"contentUrl\":\"https:\\\/\\\/secure.gravatar.com\\\/avatar\\\/c3c8d7de5e92b4e0d166e10455be8fc7942e5f2a13d7c16945994da7f2905dea?s=96&d=mm&r=g\",\"caption\":\"uldisjansons\"},\"url\":\"https:\\\/\\\/izglitiba.valmierasnovads.lv\\\/vvv\\\/author\\\/uldisjansons\\\/\"}]}<\/script>\n<!-- \/ Yoast SEO plugin. -->","yoast_head_json":{"title":"Jaunas zin\u0101\u0161anas un iedvesma pirms jaun\u0101 m\u0101c\u012bbu gada - Valmieras Viestura vidusskola","robots":{"index":"index","follow":"follow","max-snippet":"max-snippet:-1","max-image-preview":"max-image-preview:large","max-video-preview":"max-video-preview:-1"},"canonical":"https:\/\/izglitiba.valmierasnovads.lv\/vvv\/jaunas-zinasanas-un-iedvesma-pirms-jauna-macibu-gada\/","og_locale":"lv_LV","og_type":"article","og_title":"Jaunas zin\u0101\u0161anas un iedvesma pirms jaun\u0101 m\u0101c\u012bbu gada - Valmieras Viestura vidusskola","og_description":"Gatavojoties jaunajam m\u0101c\u012bbu gadam, Valmieras Viestura vidusskolas pedagogi no 17. l\u012bdz 18. augustam aizvad\u012bja izzino\u0161as un iedvesmojo\u0161as divu dienu apm\u0101c\u012bbas [&hellip;]","og_url":"https:\/\/izglitiba.valmierasnovads.lv\/vvv\/jaunas-zinasanas-un-iedvesma-pirms-jauna-macibu-gada\/","og_site_name":"Valmieras Viestura vidusskola","article_published_time":"2026-09-02T06:54:33+00:00","article_modified_time":"2026-09-03T08:01:31+00:00","og_image":[{"width":1080,"height":1080,"url":"https:\/\/izglitiba.valmierasnovads.lv\/vvv\/wp-content\/uploads\/sites\/41\/2026\/09\/majaslapa_kvadrats-2.png","type":"image\/png"}],"author":"uldisjansons","twitter_card":"summary_large_image","twitter_misc":{"Written by":"uldisjansons","Est. reading time":"2 min\u016btes"},"schema":{"@context":"https:\/\/schema.org","@graph":[{"@type":"Article","@id":"https:\/\/izglitiba.valmierasnovads.lv\/vvv\/jaunas-zinasanas-un-iedvesma-pirms-jauna-macibu-gada\/#article","isPartOf":{"@id":"https:\/\/izglitiba.valmierasnovads.lv\/vvv\/jaunas-zinasanas-un-iedvesma-pirms-jauna-macibu-gada\/"},"author":{"name":"uldisjansons","@id":"https:\/\/izglitiba.valmierasnovads.lv\/vvv\/#\/schema\/person\/6460d50b7e8cbdaa1794f074bdfedcb2"},"headline":"Jaunas zin\u0101\u0161anas un iedvesma pirms jaun\u0101 m\u0101c\u012bbu gada","datePublished":"2026-09-02T06:54:33+00:00","dateModified":"2026-09-03T08:01:31+00:00","mainEntityOfPage":{"@id":"https:\/\/izglitiba.valmierasnovads.lv\/vvv\/jaunas-zinasanas-un-iedvesma-pirms-jauna-macibu-gada\/"},"wordCount":425,"publisher":{"@id":"https:\/\/izglitiba.valmierasnovads.lv\/vvv\/#organization"},"image":{"@id":"https:\/\/izglitiba.valmierasnovads.lv\/vvv\/jaunas-zinasanas-un-iedvesma-pirms-jauna-macibu-gada\/#primaryimage"},"thumbnailUrl":"https:\/\/izglitiba.valmierasnovads.lv\/vvv\/wp-content\/uploads\/sites\/41\/2026\/09\/majaslapa_kvadrats-2.png","inLanguage":"lv-LV"},{"@type":"WebPage","@id":"https:\/\/izglitiba.valmierasnovads.lv\/vvv\/jaunas-zinasanas-un-iedvesma-pirms-jauna-macibu-gada\/","url":"https:\/\/izglitiba.valmierasnovads.lv\/vvv\/jaunas-zinasanas-un-iedvesma-pirms-jauna-macibu-gada\/","name":"Jaunas zin\u0101\u0161anas un iedvesma pirms jaun\u0101 m\u0101c\u012bbu gada - Valmieras Viestura vidusskola","isPartOf":{"@id":"https:\/\/izglitiba.valmierasnovads.lv\/vvv\/#website"},"primaryImageOfPage":{"@id":"https:\/\/izglitiba.valmierasnovads.lv\/vvv\/jaunas-zinasanas-un-iedvesma-pirms-jauna-macibu-gada\/#primaryimage"},"image":{"@id":"https:\/\/izglitiba.valmierasnovads.lv\/vvv\/jaunas-zinasanas-un-iedvesma-pirms-jauna-macibu-gada\/#primaryimage"},"thumbnailUrl":"https:\/\/izglitiba.valmierasnovads.lv\/vvv\/wp-content\/uploads\/sites\/41\/2026\/09\/majaslapa_kvadrats-2.png","datePublished":"2026-09-02T06:54:33+00:00","dateModified":"2026-09-03T08:01:31+00:00","breadcrumb":{"@id":"https:\/\/izglitiba.valmierasnovads.lv\/vvv\/jaunas-zinasanas-un-iedvesma-pirms-jauna-macibu-gada\/#breadcrumb"},"inLanguage":"lv-LV","potentialAction":[{"@type":"ReadAction","target":["https:\/\/izglitiba.valmierasnovads.lv\/vvv\/jaunas-zinasanas-un-iedvesma-pirms-jauna-macibu-gada\/"]}]},{"@type":"ImageObject","inLanguage":"lv-LV","@id":"https:\/\/izglitiba.valmierasnovads.lv\/vvv\/jaunas-zinasanas-un-iedvesma-pirms-jauna-macibu-gada\/#primaryimage","url":"https:\/\/izglitiba.valmierasnovads.lv\/vvv\/wp-content\/uploads\/sites\/41\/2026\/09\/majaslapa_kvadrats-2.png","contentUrl":"https:\/\/izglitiba.valmierasnovads.lv\/vvv\/wp-content\/uploads\/sites\/41\/2026\/09\/majaslapa_kvadrats-2.png","width":1080,"height":1080},{"@type":"BreadcrumbList","@id":"https:\/\/izglitiba.valmierasnovads.lv\/vvv\/jaunas-zinasanas-un-iedvesma-pirms-jauna-macibu-gada\/#breadcrumb","itemListElement":[{"@type":"ListItem","position":1,"name":"Home","item":"https:\/\/izglitiba.valmierasnovads.lv\/vvv\/"},{"@type":"ListItem","position":2,"name":"Jaunas zin\u0101\u0161anas un iedvesma pirms jaun\u0101 m\u0101c\u012bbu gada"}]},{"@type":"WebSite","@id":"https:\/\/izglitiba.valmierasnovads.lv\/vvv\/#website","url":"https:\/\/izglitiba.valmierasnovads.lv\/vvv\/","name":"Valmieras Viestura vidusskola","description":"","publisher":{"@id":"https:\/\/izglitiba.valmierasnovads.lv\/vvv\/#organization"},"potentialAction":[{"@type":"SearchAction","target":{"@type":"EntryPoint","urlTemplate":"https:\/\/izglitiba.valmierasnovads.lv\/vvv\/?s={search_term_string}"},"query-input":{"@type":"PropertyValueSpecification","valueRequired":true,"valueName":"search_term_string"}}],"inLanguage":"lv-LV"},{"@type":"Organization","@id":"https:\/\/izglitiba.valmierasnovads.lv\/vvv\/#organization","name":"Valmieras Viestura vidusskola","url":"https:\/\/izglitiba.valmierasnovads.lv\/vvv\/","logo":{"@type":"ImageObject","inLanguage":"lv-LV","@id":"https:\/\/izglitiba.valmierasnovads.lv\/vvv\/#\/schema\/logo\/image\/","url":"https:\/\/izglitiba.valmierasnovads.lv\/vvv\/wp-content\/uploads\/sites\/41\/2026\/08\/viesturskolas_logo3.png","contentUrl":"https:\/\/izglitiba.valmierasnovads.lv\/vvv\/wp-content\/uploads\/sites\/41\/2026\/08\/viesturskolas_logo3.png","width":2176,"height":404,"caption":"Valmieras Viestura vidusskola"},"image":{"@id":"https:\/\/izglitiba.valmierasnovads.lv\/vvv\/#\/schema\/logo\/image\/"}},{"@type":"Person","@id":"https:\/\/izglitiba.valmierasnovads.lv\/vvv\/#\/schema\/person\/6460d50b7e8cbdaa1794f074bdfedcb2","name":"uldisjansons","image":{"@type":"ImageObject","inLanguage":"lv-LV","@id":"https:\/\/secure.gravatar.com\/avatar\/c3c8d7de5e92b4e0d166e10455be8fc7942e5f2a13d7c16945994da7f2905dea?s=96&d=mm&r=g","url":"https:\/\/secure.gravatar.com\/avatar\/c3c8d7de5e92b4e0d166e10455be8fc7942e5f2a13d7c16945994da7f2905dea?s=96&d=mm&r=g","contentUrl":"https:\/\/secure.gravatar.com\/avatar\/c3c8d7de5e92b4e0d166e10455be8fc7942e5f2a13d7c16945994da7f2905dea?s=96&d=mm&r=g","caption":"uldisjansons"},"url":"https:\/\/izglitiba.valmierasnovads.lv\/vvv\/author\/uldisjansons\/"}]}},"_links":{"self":[{"href":"https:\/\/izglitiba.valmierasnovads.lv\/vvv\/wp-json\/wp\/v2\/posts\/1270","targetHints":{"allow":["GET"]}}],"collection":[{"href":"https:\/\/izglitiba.valmierasnovads.lv\/vvv\/wp-json\/wp\/v2\/posts"}],"about":[{"href":"https:\/\/izglitiba.valmierasnovads.lv\/vvv\/wp-json\/wp\/v2\/types\/post"}],"author":[{"embeddable":true,"href":"https:\/\/izglitiba.valmierasnovads.lv\/vvv\/wp-json\/wp\/v2\/users\/62"}],"replies":[{"embeddable":true,"href":"https:\/\/izglitiba.valmierasnovads.lv\/vvv\/wp-json\/wp\/v2\/comments?post=1270"}],"version-history":[{"count":2,"href":"https:\/\/izglitiba.valmierasnovads.lv\/vvv\/wp-json\/wp\/v2\/posts\/1270\/revisions"}],"predecessor-version":[{"id":1273,"href":"https:\/\/izglitiba.valmierasnovads.lv\/vvv\/wp-json\/wp\/v2\/posts\/1270\/revisions\/1273"}],"wp:featuredmedia":[{"embeddable":true,"href":"https:\/\/izglitiba.valmierasnovads.lv\/vvv\/wp-json\/wp\/v2\/media\/1271"}],"wp:attachment":[{"href":"https:\/\/izglitiba.valmierasnovads.lv\/vvv\/wp-json\/wp\/v2\/media?parent=1270"}],"wp:term":[{"taxonomy":"category","embeddable":true,"href":"https:\/\/izglitiba.valmierasnovads.lv\/vvv\/wp-json\/wp\/v2\/categories?post=1270"},{"taxonomy":"post_tag","embeddable":true,"href":"https:\/\/izglitiba.valmierasnovads.lv\/vvv\/wp-json\/wp\/v2\/tags?post=1270"}],"curies":[{"name":"wp","href":"https:\/\/api.w.org\/{rel}","templated":true}]}}